{"id":363,"date":"2025-02-13T10:44:49","date_gmt":"2025-02-13T13:44:49","guid":{"rendered":"https:\/\/homologacaoariete.com.br\/samba\/?post_type=news&#038;p=363"},"modified":"2025-02-13T10:44:50","modified_gmt":"2025-02-13T13:44:50","slug":"rede-samba-expande-seu-portifolio-no-rio-de-janeiro","status":"publish","type":"news","link":"https:\/\/sambahoteis.com\/es\/news\/rede-samba-expande-seu-portifolio-no-rio-de-janeiro\/","title":{"rendered":"La red de Samba, se ampl\u00eda su Gama en R\u00edo de Janeiro"},"content":{"rendered":"<figure class=\"wp-block-image size-full\"><img fetchpriority=\"high\" decoding=\"async\" width=\"567\" height=\"214\" src=\"https:\/\/homologacaoariete.com.br\/samba\/wp-content\/uploads\/2025\/02\/image.png\" alt=\"\" class=\"wp-image-364\" srcset=\"https:\/\/sambahoteis.com\/wp-content\/uploads\/2025\/02\/image.png 567w, https:\/\/sambahoteis.com\/wp-content\/uploads\/2025\/02\/image-300x113.png 300w\" sizes=\"(max-width: 567px) 100vw, 567px\" \/><\/figure>\n\n\n\n<p>Em plena expans\u00e3o, a Rede Samba comunica o seu novo empreendimento e consolida\u00e7\u00e3o no estado do Rio de janeiro com 7 unidades: o Hotel Samba Rio 1900!&nbsp; Com uma excelente localiza\u00e7\u00e3o no Catete, entre o Centro e Botafogo, instala\u00e7\u00f5es amplas, confort\u00e1veis, com um toque de charme e modernidade, o empreendimento faz parte da elite hoteleira carioca!<\/p>\n\n\n\n<p>Com a inclus\u00e3o do Hotel Samba Rio 1900 no seu portif\u00f3lio, a Rede chega \u00e0 administra\u00e7\u00e3o de 18 empreendimentos, considerando no Brasil e exterior. Segundo o CEO, Guilherme Castro, existe uma perspectiva de finalizar o ano de 2024, com a gest\u00e3o de aproximadamente 23 hot\u00e9is. Atualmente, estamos presentes no Rio De Janeiro, Esp\u00edrito Santo, Mato Grosso do Sul, Minas Gerais, Bahia e Santa Catarina al\u00e9m do hotel em Beirute, L\u00edbano. \u201cO modelo de neg\u00f3cio da Samba \u00e9 em si uma inovadora plataforma bilateral na qual temos 2 grupos de stakeholders principais, sendo eles investidores e h\u00f3spedes. Acomodar o interesse de ambos, gerando tanto experi\u00eancias memor\u00e1veis quanto retorno para o investidor \u00e9 o que nos move a frente\u201d, afirma Guilherme Castro<\/p>","protected":false},"excerpt":{"rendered":"<p>La Samba De Los Hoteles<\/p>","protected":false},"featured_media":116,"template":"","meta":{"_acf_changed":false,"inline_featured_image":false},"class_list":["post-363","news","type-news","status-publish","has-post-thumbnail","hentry"],"acf":[],"yoast_head":"<!-- This site is optimized with the Yoast SEO plugin v27.1.1 - https:\/\/yoast.com\/product\/yoast-seo-wordpress\/ -->\n<title>Rede Samba expande seu Portif\u00f3lio no Rio de Janeiro - Samba<\/title>\n<meta name=\"robots\" content=\"index, follow, max-snippet:-1, max-image-preview:large, max-video-preview:-1\" \/>\n<link rel=\"canonical\" href=\"https:\/\/sambahoteis.com\/es\/news\/rede-samba-expande-seu-portifolio-no-rio-de-janeiro\/\" \/>\n<meta property=\"og:locale\" content=\"es_ES\" \/>\n<meta property=\"og:type\" content=\"article\" \/>\n<meta property=\"og:title\" content=\"Rede Samba expande seu Portif\u00f3lio no Rio de Janeiro - Samba\" \/>\n<meta property=\"og:description\" content=\"Samba Hot\u00e9is\" \/>\n<meta property=\"og:url\" content=\"https:\/\/sambahoteis.com\/es\/news\/rede-samba-expande-seu-portifolio-no-rio-de-janeiro\/\" \/>\n<meta property=\"og:site_name\" content=\"Samba\" \/>\n<meta property=\"article:modified_time\" content=\"2025-02-13T13:44:50+00:00\" \/>\n<meta property=\"og:image\" content=\"https:\/\/sambahoteis.com\/wp-content\/uploads\/2025\/02\/WhatsApp-Image-2024-04-29-at-15.03.22-1.jpeg\" \/>\n\t<meta property=\"og:image:width\" content=\"460\" \/>\n\t<meta property=\"og:image:height\" content=\"638\" \/>\n\t<meta property=\"og:image:type\" content=\"image\/jpeg\" \/>\n<meta name=\"twitter:card\" content=\"summary_large_image\" \/>\n<meta name=\"twitter:label1\" content=\"Tiempo de lectura\" \/>\n\t<meta name=\"twitter:data1\" content=\"2 minutos\" \/>\n<script type=\"application\/ld+json\" class=\"yoast-schema-graph\">{\"@context\":\"https:\/\/schema.org\",\"@graph\":[{\"@type\":\"WebPage\",\"@id\":\"https:\/\/sambahoteis.com\/news\/rede-samba-expande-seu-portifolio-no-rio-de-janeiro\/\",\"url\":\"https:\/\/sambahoteis.com\/news\/rede-samba-expande-seu-portifolio-no-rio-de-janeiro\/\",\"name\":\"Rede Samba expande seu Portif\u00f3lio no Rio de Janeiro - Samba\",\"isPartOf\":{\"@id\":\"https:\/\/sambahoteis.com\/#website\"},\"primaryImageOfPage\":{\"@id\":\"https:\/\/sambahoteis.com\/news\/rede-samba-expande-seu-portifolio-no-rio-de-janeiro\/#primaryimage\"},\"image\":{\"@id\":\"https:\/\/sambahoteis.com\/news\/rede-samba-expande-seu-portifolio-no-rio-de-janeiro\/#primaryimage\"},\"thumbnailUrl\":\"https:\/\/sambahoteis.com\/wp-content\/uploads\/2025\/02\/WhatsApp-Image-2024-04-29-at-15.03.22-1.jpeg\",\"datePublished\":\"2025-02-13T13:44:49+00:00\",\"dateModified\":\"2025-02-13T13:44:50+00:00\",\"breadcrumb\":{\"@id\":\"https:\/\/sambahoteis.com\/news\/rede-samba-expande-seu-portifolio-no-rio-de-janeiro\/#breadcrumb\"},\"inLanguage\":\"es\",\"potentialAction\":[{\"@type\":\"ReadAction\",\"target\":[\"https:\/\/sambahoteis.com\/news\/rede-samba-expande-seu-portifolio-no-rio-de-janeiro\/\"]}]},{\"@type\":\"ImageObject\",\"inLanguage\":\"es\",\"@id\":\"https:\/\/sambahoteis.com\/news\/rede-samba-expande-seu-portifolio-no-rio-de-janeiro\/#primaryimage\",\"url\":\"https:\/\/sambahoteis.com\/wp-content\/uploads\/2025\/02\/WhatsApp-Image-2024-04-29-at-15.03.22-1.jpeg\",\"contentUrl\":\"https:\/\/sambahoteis.com\/wp-content\/uploads\/2025\/02\/WhatsApp-Image-2024-04-29-at-15.03.22-1.jpeg\",\"width\":460,\"height\":638},{\"@type\":\"BreadcrumbList\",\"@id\":\"https:\/\/sambahoteis.com\/news\/rede-samba-expande-seu-portifolio-no-rio-de-janeiro\/#breadcrumb\",\"itemListElement\":[{\"@type\":\"ListItem\",\"position\":1,\"name\":\"In\u00edcio\",\"item\":\"https:\/\/sambahoteis.com\/\"},{\"@type\":\"ListItem\",\"position\":2,\"name\":\"News\",\"item\":\"https:\/\/sambahoteis.com\/news\/\"},{\"@type\":\"ListItem\",\"position\":3,\"name\":\"Rede Samba expande seu Portif\u00f3lio no Rio de Janeiro\"}]},{\"@type\":\"WebSite\",\"@id\":\"https:\/\/sambahoteis.com\/#website\",\"url\":\"https:\/\/sambahoteis.com\/\",\"name\":\"Samba\",\"description\":\"\",\"publisher\":{\"@id\":\"https:\/\/sambahoteis.com\/#organization\"},\"potentialAction\":[{\"@type\":\"SearchAction\",\"target\":{\"@type\":\"EntryPoint\",\"urlTemplate\":\"https:\/\/sambahoteis.com\/?s={search_term_string}\"},\"query-input\":{\"@type\":\"PropertyValueSpecification\",\"valueRequired\":true,\"valueName\":\"search_term_string\"}}],\"inLanguage\":\"es\"},{\"@type\":\"Organization\",\"@id\":\"https:\/\/sambahoteis.com\/#organization\",\"name\":\"Samba\",\"url\":\"https:\/\/sambahoteis.com\/\",\"logo\":{\"@type\":\"ImageObject\",\"inLanguage\":\"es\",\"@id\":\"https:\/\/sambahoteis.com\/#\/schema\/logo\/image\/\",\"url\":\"https:\/\/sambahoteis.com\/wp-content\/uploads\/2025\/02\/LOGO_SITE_2022_variacoes-2.png\",\"contentUrl\":\"https:\/\/sambahoteis.com\/wp-content\/uploads\/2025\/02\/LOGO_SITE_2022_variacoes-2.png\",\"width\":218,\"height\":33,\"caption\":\"Samba\"},\"image\":{\"@id\":\"https:\/\/sambahoteis.com\/#\/schema\/logo\/image\/\"}}]}<\/script>\n<!-- \/ Yoast SEO plugin. -->","yoast_head_json":{"title":"Rede Samba expande seu Portif\u00f3lio no Rio de Janeiro - Samba","robots":{"index":"index","follow":"follow","max-snippet":"max-snippet:-1","max-image-preview":"max-image-preview:large","max-video-preview":"max-video-preview:-1"},"canonical":"https:\/\/sambahoteis.com\/es\/news\/rede-samba-expande-seu-portifolio-no-rio-de-janeiro\/","og_locale":"es_ES","og_type":"article","og_title":"Rede Samba expande seu Portif\u00f3lio no Rio de Janeiro - Samba","og_description":"Samba Hot\u00e9is","og_url":"https:\/\/sambahoteis.com\/es\/news\/rede-samba-expande-seu-portifolio-no-rio-de-janeiro\/","og_site_name":"Samba","article_modified_time":"2025-02-13T13:44:50+00:00","og_image":[{"width":460,"height":638,"url":"https:\/\/sambahoteis.com\/wp-content\/uploads\/2025\/02\/WhatsApp-Image-2024-04-29-at-15.03.22-1.jpeg","type":"image\/jpeg"}],"twitter_card":"summary_large_image","twitter_misc":{"Tiempo de lectura":"2 minutos"},"schema":{"@context":"https:\/\/schema.org","@graph":[{"@type":"WebPage","@id":"https:\/\/sambahoteis.com\/news\/rede-samba-expande-seu-portifolio-no-rio-de-janeiro\/","url":"https:\/\/sambahoteis.com\/news\/rede-samba-expande-seu-portifolio-no-rio-de-janeiro\/","name":"Rede Samba expande seu Portif\u00f3lio no Rio de Janeiro - Samba","isPartOf":{"@id":"https:\/\/sambahoteis.com\/#website"},"primaryImageOfPage":{"@id":"https:\/\/sambahoteis.com\/news\/rede-samba-expande-seu-portifolio-no-rio-de-janeiro\/#primaryimage"},"image":{"@id":"https:\/\/sambahoteis.com\/news\/rede-samba-expande-seu-portifolio-no-rio-de-janeiro\/#primaryimage"},"thumbnailUrl":"https:\/\/sambahoteis.com\/wp-content\/uploads\/2025\/02\/WhatsApp-Image-2024-04-29-at-15.03.22-1.jpeg","datePublished":"2025-02-13T13:44:49+00:00","dateModified":"2025-02-13T13:44:50+00:00","breadcrumb":{"@id":"https:\/\/sambahoteis.com\/news\/rede-samba-expande-seu-portifolio-no-rio-de-janeiro\/#breadcrumb"},"inLanguage":"es","potentialAction":[{"@type":"ReadAction","target":["https:\/\/sambahoteis.com\/news\/rede-samba-expande-seu-portifolio-no-rio-de-janeiro\/"]}]},{"@type":"ImageObject","inLanguage":"es","@id":"https:\/\/sambahoteis.com\/news\/rede-samba-expande-seu-portifolio-no-rio-de-janeiro\/#primaryimage","url":"https:\/\/sambahoteis.com\/wp-content\/uploads\/2025\/02\/WhatsApp-Image-2024-04-29-at-15.03.22-1.jpeg","contentUrl":"https:\/\/sambahoteis.com\/wp-content\/uploads\/2025\/02\/WhatsApp-Image-2024-04-29-at-15.03.22-1.jpeg","width":460,"height":638},{"@type":"BreadcrumbList","@id":"https:\/\/sambahoteis.com\/news\/rede-samba-expande-seu-portifolio-no-rio-de-janeiro\/#breadcrumb","itemListElement":[{"@type":"ListItem","position":1,"name":"In\u00edcio","item":"https:\/\/sambahoteis.com\/"},{"@type":"ListItem","position":2,"name":"News","item":"https:\/\/sambahoteis.com\/news\/"},{"@type":"ListItem","position":3,"name":"Rede Samba expande seu Portif\u00f3lio no Rio de Janeiro"}]},{"@type":"WebSite","@id":"https:\/\/sambahoteis.com\/#website","url":"https:\/\/sambahoteis.com\/","name":"La Samba","description":"","publisher":{"@id":"https:\/\/sambahoteis.com\/#organization"},"potentialAction":[{"@type":"SearchAction","target":{"@type":"EntryPoint","urlTemplate":"https:\/\/sambahoteis.com\/?s={search_term_string}"},"query-input":{"@type":"PropertyValueSpecification","valueRequired":true,"valueName":"search_term_string"}}],"inLanguage":"es"},{"@type":"Organization","@id":"https:\/\/sambahoteis.com\/#organization","name":"La Samba","url":"https:\/\/sambahoteis.com\/","logo":{"@type":"ImageObject","inLanguage":"es","@id":"https:\/\/sambahoteis.com\/#\/schema\/logo\/image\/","url":"https:\/\/sambahoteis.com\/wp-content\/uploads\/2025\/02\/LOGO_SITE_2022_variacoes-2.png","contentUrl":"https:\/\/sambahoteis.com\/wp-content\/uploads\/2025\/02\/LOGO_SITE_2022_variacoes-2.png","width":218,"height":33,"caption":"Samba"},"image":{"@id":"https:\/\/sambahoteis.com\/#\/schema\/logo\/image\/"}}]}},"_links":{"self":[{"href":"https:\/\/sambahoteis.com\/es\/wp-json\/wp\/v2\/news\/363","targetHints":{"allow":["GET"]}}],"collection":[{"href":"https:\/\/sambahoteis.com\/es\/wp-json\/wp\/v2\/news"}],"about":[{"href":"https:\/\/sambahoteis.com\/es\/wp-json\/wp\/v2\/types\/news"}],"wp:featuredmedia":[{"embeddable":true,"href":"https:\/\/sambahoteis.com\/es\/wp-json\/wp\/v2\/media\/116"}],"wp:attachment":[{"href":"https:\/\/sambahoteis.com\/es\/wp-json\/wp\/v2\/media?parent=363"}],"curies":[{"name":"wp","href":"https:\/\/api.w.org\/{rel}","templated":true}]}}